{"id":431,"date":"2026-09-02T19:44:21","date_gmt":"2026-09-02T18:44:21","guid":{"rendered":"https:\/\/angelica.elversson.eu\/?p=431"},"modified":"2026-09-02T20:03:30","modified_gmt":"2026-09-02T19:03:30","slug":"jag-har-en-sak-att-beratta","status":"publish","type":"post","link":"https:\/\/angelica.elversson.eu\/?p=431","title":{"rendered":"Jag har en sak att ber\u00e4tta&#8230;"},"content":{"rendered":"\n<p class=\"has-text-align-center wp-block-paragraph\">Det jag nu kommer ber\u00e4tta om i detta inl\u00e4gg \u00e4r v\u00e4ldigt k\u00e4nslosamt, pirrigt och s\u00e5dana lyck k\u00e4nslor som jag trodde var \u00f6ver f\u00f6r mig att f\u00e5 uppleva.. <\/p>\n\n\n\n<p class=\"has-text-align-center wp-block-paragraph\">Jag har ju m\u00e5tt d\u00e5ligt i s\u00e5 m\u00e5nga \u00e5r jag kan minnas, det har g\u00e5tt upp och det har g\u00e5tt ner. Jag fixade \u00e4nd\u00e5 skola, gymnasiet osv.. Klarat av att arbeta som undersk\u00f6terska n\u00e4stan ett \u00e5r f\u00f6r m\u00e5nga \u00e5r sen.. Sen varit p\u00e5 n\u00e5gra andra st\u00e4llen mindre tid. Men till slut kom ju sm\u00e4llen och 2011 b\u00f6rjade sjukskrivningar, jag hade g\u00e5tt in i den ber\u00f6mda v\u00e4ggen.. M\u00e5nga \u00e5r har g\u00e5tt sen dess och jag har ju f\u00e5tt sjukers\u00e4ttning till slut.. <\/p>\n\n\n\n<p class=\"has-text-align-center wp-block-paragraph\">Efter m\u00e5nga f\u00f6rs\u00f6k innan dess att jobba h\u00e4r i stan jag bor i, som absolut inte funkade f\u00f6r mig.. S\u00e5 b\u00f6rjade jag via arbetsf\u00f6rmedlingen ett program 2020 f\u00f6r att komma ut och vara social, man hann inte mycket f\u00f6rr\u00e4n corona kom, s\u00e5 allt blev hemifr\u00e5n.. Jag fick panik, s\u00e5 ganska snabbt fixade jag en arbetstr\u00e4ning, p\u00e5 d\u00e5varande namn Loydsapotek. 25% funkade men vid \u00f6kning krasch.. <\/p>\n\n\n\n<p class=\"has-text-align-center wp-block-paragraph\">Efter detta f\u00f6r att vara social b\u00f6rjade jag p\u00e5 en daglig verksamhet, d\u00e4r jag virkat en del och \u00e4ven duttat. F\u00e5tt v\u00e4nner d\u00e4r och efter n\u00e5got \u00e5r, s\u00e5 blev jag utplacerad, till Doz apotek. Det var d\u00e4r jag arbetstr\u00e4nade! S\u00e5 sen dess (minns inte hur m\u00e5nga \u00e5r) har jag varit utplacerad. D\u00e4rf\u00f6r jag ibland skrivit syssels\u00e4ttning&#8230; <\/p>\n\n\n\n<p class=\"has-text-align-center wp-block-paragraph\">Men&#8230; En sak har pratats om n\u00e5gra m\u00e5nader nu och idag blev det f\u00e4rdigt&#8230; F\u00f6r idag skrev jag p\u00e5 anst\u00e4llning 25% med start senare i September. S\u00e5 inte denna fredagen, utan n\u00e4sta \u00e4r sista dagen med LSS och utflyttad. Sen ska jag till st\u00e4llet jag varit utplacerad fr\u00e5n, f\u00f6r att tacka och s\u00e4ga hejd\u00e5. Men \u00e4rligt, utan den platsen innan s\u00e5 tror jag inte att jag hade kommit s\u00e5h\u00e4r l\u00e5ngt. <\/p>\n\n\n\n<p class=\"has-text-align-center wp-block-paragraph\">Sen att min chef Emma och kollega M k\u00e4mpat f\u00f6r att allt ska g\u00e5 s\u00e5 bra osv, tagit det l\u00e5ngsamt fram. Tusen tack k\u00e4ra ni!! Denna arbetsplats \u00e4r f\u00f6r mig b\u00e4sta, vet inte om jag skulle klara p\u00e5 n\u00e5gon annan, f\u00f6r jag litar s\u00e5 p\u00e5 mina underbara kollegor!!<\/p>\n\n\n\n<p class=\"has-text-align-center wp-block-paragraph\"><strong>S\u00e5 s\u00e4g hej till Angelica &#8211; Apoteksassistent! <\/strong><\/p>\n\n\n\n<figure class=\"wp-block-image size-large\"><img loading=\"lazy\" decoding=\"async\" width=\"768\" height=\"1024\" src=\"\/wp-content\/uploads\/2026\/09\/efter-768x1024.jpg\" alt=\"\" class=\"wp-image-432\" srcset=\"\/wp-content\/uploads\/2026\/09\/efter-768x1024.jpg 768w, \/wp-content\/uploads\/2026\/09\/efter-225x300.jpg 225w, \/wp-content\/uploads\/2026\/09\/efter-1152x1536.jpg 1152w, \/wp-content\/uploads\/2026\/09\/efter-1536x2048.jpg 1536w, \/wp-content\/uploads\/2026\/09\/efter-1024x1365.jpg 1024w, \/wp-content\/uploads\/2026\/09\/efter-scaled.jpg 1920w\" sizes=\"auto, (max-width: 768px) 100vw, 768px\" \/><\/figure>\n\n\n\n<figure class=\"wp-block-image size-large\"><img loading=\"lazy\" decoding=\"async\" width=\"1024\" height=\"652\" src=\"\/wp-content\/uploads\/2026\/09\/d506c15f-95b4-44f4-a9d3-8bfc46fdcc87-1024x652.jpg\" alt=\"\" class=\"wp-image-434\" srcset=\"\/wp-content\/uploads\/2026\/09\/d506c15f-95b4-44f4-a9d3-8bfc46fdcc87-1024x652.jpg 1024w, \/wp-content\/uploads\/2026\/09\/d506c15f-95b4-44f4-a9d3-8bfc46fdcc87-300x191.jpg 300w, \/wp-content\/uploads\/2026\/09\/d506c15f-95b4-44f4-a9d3-8bfc46fdcc87-768x489.jpg 768w, \/wp-content\/uploads\/2026\/09\/d506c15f-95b4-44f4-a9d3-8bfc46fdcc87.jpg 1036w\" sizes=\"auto, (max-width: 1024px) 100vw, 1024px\" \/><\/figure>\n\n\n\n<p class=\"has-text-align-center wp-block-paragraph\">\u00d6nska mig lycka till att detta kommer funka f\u00f6r mig! \ud83d\ude00 <\/p>\n\n\n\n<p class=\"wp-block-paragraph\"><\/p>\n","protected":false},"excerpt":{"rendered":"<p>Det jag nu kommer ber\u00e4tta om i detta inl\u00e4gg \u00e4r v\u00e4ldigt k\u00e4nslosamt, pirrigt och s\u00e5dana lyck k\u00e4nslor som jag trodde var \u00f6ver f\u00f6r mig att f\u00e5 uppleva.. Jag har ju m\u00e5tt d\u00e5ligt i s\u00e5 m\u00e5nga \u00e5r jag kan minnas, det har g\u00e5tt upp och det har g\u00e5tt ner. Jag fixade \u00e4nd\u00e5 skola, gymnasiet osv.. Klarat [&hellip;]<\/p>\n","protected":false},"author":1,"featured_media":0,"comment_status":"open","ping_status":"open","sticky":false,"template":"","format":"standard","meta":{"_jetpack_newsletter_access":"","_jetpack_dont_email_post_to_subs":false,"_jetpack_newsletter_tier_id":0,"_jetpack_memberships_contains_paywalled_content":false,"_jetpack_feature_clip_id":0,"_jetpack_memberships_contains_paid_content":false,"footnotes":"","jetpack_publicize_message":"","jetpack_publicize_feature_enabled":true,"jetpack_social_post_already_shared":true,"jetpack_social_options":{"image_generator_settings":{"template":"highway","default_image_id":0,"font":"","enabled":false},"version":2},"jetpack_post_was_ever_published":false},"categories":[14],"tags":[],"class_list":["post-431","post","type-post","status-publish","format-standard","hentry","category-vardag"],"jetpack_publicize_connections":[],"jetpack_sharing_enabled":true,"jetpack_likes_enabled":true,"jetpack_featured_media_url":"","_links":{"self":[{"href":"https:\/\/angelica.elversson.eu\/index.php?rest_route=\/wp\/v2\/posts\/431","targetHints":{"allow":["GET"]}}],"collection":[{"href":"https:\/\/angelica.elversson.eu\/index.php?rest_route=\/wp\/v2\/posts"}],"about":[{"href":"https:\/\/angelica.elversson.eu\/index.php?rest_route=\/wp\/v2\/types\/post"}],"author":[{"embeddable":true,"href":"https:\/\/angelica.elversson.eu\/index.php?rest_route=\/wp\/v2\/users\/1"}],"replies":[{"embeddable":true,"href":"https:\/\/angelica.elversson.eu\/index.php?rest_route=%2Fwp%2Fv2%2Fcomments&post=431"}],"version-history":[{"count":2,"href":"https:\/\/angelica.elversson.eu\/index.php?rest_route=\/wp\/v2\/posts\/431\/revisions"}],"predecessor-version":[{"id":436,"href":"https:\/\/angelica.elversson.eu\/index.php?rest_route=\/wp\/v2\/posts\/431\/revisions\/436"}],"wp:attachment":[{"href":"https:\/\/angelica.elversson.eu\/index.php?rest_route=%2Fwp%2Fv2%2Fmedia&parent=431"}],"wp:term":[{"taxonomy":"category","embeddable":true,"href":"https:\/\/angelica.elversson.eu\/index.php?rest_route=%2Fwp%2Fv2%2Fcategories&post=431"},{"taxonomy":"post_tag","embeddable":true,"href":"https:\/\/angelica.elversson.eu\/index.php?rest_route=%2Fwp%2Fv2%2Ftags&post=431"}],"curies":[{"name":"wp","href":"https:\/\/api.w.org\/{rel}","templated":true}]}}