{"id":421,"date":"2026-08-28T17:34:31","date_gmt":"2026-08-28T16:34:31","guid":{"rendered":"https:\/\/angelica.elversson.eu\/?p=421"},"modified":"2026-08-28T17:34:31","modified_gmt":"2026-08-28T16:34:31","slug":"fem-en-fredag-v-35-av-bara-farten","status":"publish","type":"post","link":"https:\/\/angelica.elversson.eu\/?p=421","title":{"rendered":"Fem en fredag v. 35: Av bara farten"},"content":{"rendered":"\n<p class=\"has-text-align-center wp-block-paragraph\">Nu var det n\u00e5gra dagar sen sist, som vanligt haha! <\/p>\n\n\n\n<p class=\"has-text-align-center wp-block-paragraph\">Men dessa dagarna denna veckan har varit p\u00e5frestande. Jag har haft huvudv\u00e4rk, varit sjukt tr\u00f6tt och bara allm\u00e4nt bl\u00e4. Men jag har varit p\u00e5 syssels\u00e4ttningen iallafall och det \u00e4r jag glad f\u00f6r! Blir lite egoistisk f\u00f6r jag \u00e4r lite stolt \u00f6ver mig sj\u00e4lv, med att jag fixade alla pass jag skulle vara d\u00e4r \u00e4nd\u00e5! <\/p>\n\n\n\n<p class=\"has-text-align-center wp-block-paragraph\">Helgen \u00e4r \u00e4ntligen h\u00e4r! Denna helg har vi faktiskt lite planerat, imorgon ska vi till ett par v\u00e4nner, dem ska spela (och jag virka) och \u00e4ta hemmagjord pizza. Det var verkligen inte ig\u00e5r jag \u00e5t det! Ser v\u00e4ldigt mycket framemot det! \ud83d\ude00 Sen ska vi iv\u00e4g p\u00e5 s\u00f6ndag med. <\/p>\n\n\n\n<p class=\"wp-block-paragraph\"><\/p>\n\n\n\n<p class=\"has-text-align-center wp-block-paragraph\">N\u00e4r det \u00e4nd\u00e5 \u00e4r fredag s\u00e5 k\u00f6r jag p\u00e5 <a href=\"https:\/\/www.elisamatilda.se\/\" data-type=\"link\" data-id=\"https:\/\/www.elisamatilda.se\/\">ElisaMatildas<\/a> fem en fredag. Denna veckan \u00e4r det <strong>&#8221;av bara farten&#8221;<\/strong>. Delta du ocks\u00e5, l\u00e4nka till henne och svara p\u00e5 fr\u00e5gorna i ett inl\u00e4gg. Kommentera sedan hos henne, s\u00e5 hon ser att du \u00e4r med!<\/p>\n\n\n\n<p class=\"has-text-align-center wp-block-paragraph\"><\/p>\n\n\n\n<p class=\"has-text-align-center wp-block-paragraph\"><strong>Vad \u00e4r det f\u00f6rsta du t\u00e4nker p\u00e5 n\u00e4r du h\u00f6r \u201dhelg\u201d?<\/strong> <\/p>\n\n\n\n<p class=\"has-text-align-center wp-block-paragraph\">\u00c5terh\u00e4mtning, unna sig n\u00e5got gott. <\/p>\n\n\n\n<p class=\"has-text-align-center wp-block-paragraph\"><strong>Vad f\u00e5r dig att t\u00e4nka \u201ddet h\u00e4r var v\u00e4rt det\u201d? <\/strong><\/p>\n\n\n\n<p class=\"has-text-align-center wp-block-paragraph\">Det \u00e4r nog om vi g\u00f6r n\u00e5got som tar energi men \u00e4r roligt, eller om man unnar sig n\u00e5got extra just en helg. <\/p>\n\n\n\n<p class=\"has-text-align-center wp-block-paragraph\"><strong>Vad \u00e4r du g\u00e4rna tidig till?<\/strong><\/p>\n\n\n\n<p class=\"has-text-align-center wp-block-paragraph\">Arbetet\/syssels\u00e4ttningen, m\u00f6ten och tex om jag bokat in att tr\u00e4ffa n\u00e5gon. Hatar att inte vara i god tid. <\/p>\n\n\n\n<p class=\"has-text-align-center wp-block-paragraph\"><strong>Vad \u00e4r en sak du aldrig riktigt l\u00e4r dig?<\/strong><\/p>\n\n\n\n<p class=\"has-text-align-center wp-block-paragraph\">Oh bra fr\u00e5ga.. Att s\u00e4ga nej till saker kanske.. N\u00e4r jag verkligen beh\u00f6ver \u00e5terh\u00e4mta mig.. Finns nog m\u00e5nga saker som jag inte kommer p\u00e5 just nu.. <\/p>\n\n\n\n<p class=\"has-text-align-center wp-block-paragraph\"><strong>Vad \u00e4r det mest vuxna du g\u00f6r?<\/strong><\/p>\n\n\n\n<p class=\"has-text-align-center wp-block-paragraph\">G\u00e5r p\u00e5 min syssels\u00e4ttning och betalar r\u00e4kningar tror jag haha! <\/p>\n\n\n\n<p class=\"has-text-align-center wp-block-paragraph\">Hoppas ni f\u00e5r en fantastisk helg! \ud83d\ude00 <\/p>\n\n\n\n<p class=\"has-text-align-center wp-block-paragraph\"><\/p>\n","protected":false},"excerpt":{"rendered":"<p>Nu var det n\u00e5gra dagar sen sist, som vanligt haha! Men dessa dagarna denna veckan har varit p\u00e5frestande. Jag har haft huvudv\u00e4rk, varit sjukt tr\u00f6tt och bara allm\u00e4nt bl\u00e4. Men jag har varit p\u00e5 syssels\u00e4ttningen iallafall och det \u00e4r jag glad f\u00f6r! Blir lite egoistisk f\u00f6r jag \u00e4r lite stolt \u00f6ver mig sj\u00e4lv, med att [&hellip;]<\/p>\n","protected":false},"author":1,"featured_media":0,"comment_status":"open","ping_status":"open","sticky":false,"template":"","format":"standard","meta":{"_jetpack_newsletter_access":"","_jetpack_dont_email_post_to_subs":false,"_jetpack_newsletter_tier_id":0,"_jetpack_memberships_contains_paywalled_content":false,"_jetpack_feature_clip_id":0,"_jetpack_memberships_contains_paid_content":false,"footnotes":"","jetpack_publicize_message":"","jetpack_publicize_feature_enabled":true,"jetpack_social_post_already_shared":true,"jetpack_social_options":{"image_generator_settings":{"template":"highway","default_image_id":0,"font":"","enabled":false},"version":2},"jetpack_post_was_ever_published":false},"categories":[8,14],"tags":[],"class_list":["post-421","post","type-post","status-publish","format-standard","hentry","category-fem-en-fredag","category-vardag"],"jetpack_publicize_connections":[],"jetpack_sharing_enabled":true,"jetpack_likes_enabled":true,"jetpack_featured_media_url":"","_links":{"self":[{"href":"https:\/\/angelica.elversson.eu\/index.php?rest_route=\/wp\/v2\/posts\/421","targetHints":{"allow":["GET"]}}],"collection":[{"href":"https:\/\/angelica.elversson.eu\/index.php?rest_route=\/wp\/v2\/posts"}],"about":[{"href":"https:\/\/angelica.elversson.eu\/index.php?rest_route=\/wp\/v2\/types\/post"}],"author":[{"embeddable":true,"href":"https:\/\/angelica.elversson.eu\/index.php?rest_route=\/wp\/v2\/users\/1"}],"replies":[{"embeddable":true,"href":"https:\/\/angelica.elversson.eu\/index.php?rest_route=%2Fwp%2Fv2%2Fcomments&post=421"}],"version-history":[{"count":1,"href":"https:\/\/angelica.elversson.eu\/index.php?rest_route=\/wp\/v2\/posts\/421\/revisions"}],"predecessor-version":[{"id":422,"href":"https:\/\/angelica.elversson.eu\/index.php?rest_route=\/wp\/v2\/posts\/421\/revisions\/422"}],"wp:attachment":[{"href":"https:\/\/angelica.elversson.eu\/index.php?rest_route=%2Fwp%2Fv2%2Fmedia&parent=421"}],"wp:term":[{"taxonomy":"category","embeddable":true,"href":"https:\/\/angelica.elversson.eu\/index.php?rest_route=%2Fwp%2Fv2%2Fcategories&post=421"},{"taxonomy":"post_tag","embeddable":true,"href":"https:\/\/angelica.elversson.eu\/index.php?rest_route=%2Fwp%2Fv2%2Ftags&post=421"}],"curies":[{"name":"wp","href":"https:\/\/api.w.org\/{rel}","templated":true}]}}