{"id":343,"date":"2026-07-17T19:55:56","date_gmt":"2026-07-17T18:55:56","guid":{"rendered":"https:\/\/angelica.elversson.eu\/?p=343"},"modified":"2026-07-17T19:55:56","modified_gmt":"2026-07-17T18:55:56","slug":"intensiva-dagar-men-positiva","status":"publish","type":"post","link":"https:\/\/angelica.elversson.eu\/?p=343","title":{"rendered":"Intensiva dagar, men positiva!"},"content":{"rendered":"\n<p class=\"has-text-align-center wp-block-paragraph\">God kv\u00e4ll! <\/p>\n\n\n\n<p class=\"has-text-align-center wp-block-paragraph\">Vilka dagar jag haft! Bra dagar, men ganska intensivt. <\/p>\n\n\n\n<p class=\"has-text-align-center wp-block-paragraph\">I tisdags ringde ett st\u00e4lle, som ville ha ett m\u00f6te redan onsdag morgon, tackade ja till det. Det gick bra men tog ganska l\u00e5ng tid. <\/p>\n\n\n\n<p class=\"has-text-align-center wp-block-paragraph\">Sen kom lilla syrran med sina s\u00f6ner. Det var dags f\u00f6r bio och \u00f6vernattning! <\/p>\n\n\n\n<p class=\"has-text-align-center wp-block-paragraph\">Det var Maltes f\u00f6rsta bio! Dem hade valt ut <a href=\"https:\/\/www.imdb.com\/title\/tt32890033\/?ref_=nv_sr_srsg_1_tt_2_nm_5_in_0_q_mini\" data-type=\"link\" data-id=\"https:\/\/www.imdb.com\/title\/tt32890033\/?ref_=nv_sr_srsg_1_tt_2_nm_5_in_0_q_mini\">&#8221;Minioner och monster&#8221;<\/a>. <\/p>\n\n\n\n<p class=\"has-text-align-center wp-block-paragraph\"><strong>Maltes betyg: <\/strong>10 000\/10!<\/p>\n\n\n\n<p class=\"has-text-align-center wp-block-paragraph\"><strong>Oliwers betyg:<\/strong> 10\/10! <\/p>\n\n\n\n<figure class=\"wp-block-image size-large\"><img loading=\"lazy\" decoding=\"async\" width=\"768\" height=\"1024\" src=\"\/wp-content\/uploads\/2026\/07\/d9cfb11c-9697-4cc1-9161-a398c1c0ab14-768x1024.jpg\" alt=\"\" class=\"wp-image-344\" srcset=\"\/wp-content\/uploads\/2026\/07\/d9cfb11c-9697-4cc1-9161-a398c1c0ab14-768x1024.jpg 768w, \/wp-content\/uploads\/2026\/07\/d9cfb11c-9697-4cc1-9161-a398c1c0ab14-225x300.jpg 225w, \/wp-content\/uploads\/2026\/07\/d9cfb11c-9697-4cc1-9161-a398c1c0ab14-1152x1536.jpg 1152w, \/wp-content\/uploads\/2026\/07\/d9cfb11c-9697-4cc1-9161-a398c1c0ab14-1024x1365.jpg 1024w, \/wp-content\/uploads\/2026\/07\/d9cfb11c-9697-4cc1-9161-a398c1c0ab14.jpg 1536w\" sizes=\"auto, (max-width: 768px) 100vw, 768px\" \/><\/figure>\n\n\n\n<figure class=\"wp-block-image size-large\"><img loading=\"lazy\" decoding=\"async\" width=\"768\" height=\"1024\" src=\"\/wp-content\/uploads\/2026\/07\/79f751c7-971d-4f34-8fc1-e5cdd49fd718-768x1024.jpg\" alt=\"\" class=\"wp-image-345\" srcset=\"\/wp-content\/uploads\/2026\/07\/79f751c7-971d-4f34-8fc1-e5cdd49fd718-768x1024.jpg 768w, \/wp-content\/uploads\/2026\/07\/79f751c7-971d-4f34-8fc1-e5cdd49fd718-225x300.jpg 225w, \/wp-content\/uploads\/2026\/07\/79f751c7-971d-4f34-8fc1-e5cdd49fd718-1152x1536.jpg 1152w, \/wp-content\/uploads\/2026\/07\/79f751c7-971d-4f34-8fc1-e5cdd49fd718-1024x1365.jpg 1024w, \/wp-content\/uploads\/2026\/07\/79f751c7-971d-4f34-8fc1-e5cdd49fd718.jpg 1536w\" sizes=\"auto, (max-width: 768px) 100vw, 768px\" \/><\/figure>\n\n\n\n<p class=\"has-text-align-center wp-block-paragraph\">Sen sov dem \u00f6ver tills torsdag, d\u00e5 \u00e5kte syrran och Malte hem. Oliwer sov \u00f6ver tills idag! <\/p>\n\n\n\n<p class=\"has-text-align-center wp-block-paragraph\">S\u00e5 ig\u00e5r hade vi hade egentid med spel och m\u00e5la i m\u00e5larbok. Mysigt som tusan! Idag \u00e5kte jag hem med honom. <\/p>\n\n\n\n<p class=\"has-text-align-center wp-block-paragraph\">S\u00e5 intensivt men v\u00e4l v\u00e4rt att ha dem h\u00e4r!! \ud83d\ude00 <\/p>\n\n\n\n<p class=\"has-text-align-center wp-block-paragraph\"><strong>Hur har eran vecka varit \u00e4n s\u00e5 l\u00e4nge, taggade p\u00e5 helgen? <\/strong><\/p>\n","protected":false},"excerpt":{"rendered":"<p>God kv\u00e4ll! Vilka dagar jag haft! Bra dagar, men ganska intensivt. I tisdags ringde ett st\u00e4lle, som ville ha ett m\u00f6te redan onsdag morgon, tackade ja till det. Det gick bra men tog ganska l\u00e5ng tid. Sen kom lilla syrran med sina s\u00f6ner. Det var dags f\u00f6r bio och \u00f6vernattning! Det var Maltes f\u00f6rsta bio! [&hellip;]<\/p>\n","protected":false},"author":1,"featured_media":0,"comment_status":"open","ping_status":"open","sticky":false,"template":"","format":"standard","meta":{"_jetpack_newsletter_access":"","_jetpack_dont_email_post_to_subs":false,"_jetpack_newsletter_tier_id":0,"_jetpack_memberships_contains_paywalled_content":false,"_jetpack_feature_clip_id":0,"_jetpack_memberships_contains_paid_content":false,"footnotes":"","jetpack_publicize_message":"","jetpack_publicize_feature_enabled":true,"jetpack_social_post_already_shared":false,"jetpack_social_options":{"image_generator_settings":{"template":"highway","default_image_id":0,"font":"","enabled":false},"version":2},"jetpack_post_was_ever_published":false},"categories":[14],"tags":[],"class_list":["post-343","post","type-post","status-publish","format-standard","hentry","category-vardag"],"jetpack_publicize_connections":[],"jetpack_sharing_enabled":true,"jetpack_likes_enabled":true,"jetpack_featured_media_url":"","_links":{"self":[{"href":"https:\/\/angelica.elversson.eu\/index.php?rest_route=\/wp\/v2\/posts\/343","targetHints":{"allow":["GET"]}}],"collection":[{"href":"https:\/\/angelica.elversson.eu\/index.php?rest_route=\/wp\/v2\/posts"}],"about":[{"href":"https:\/\/angelica.elversson.eu\/index.php?rest_route=\/wp\/v2\/types\/post"}],"author":[{"embeddable":true,"href":"https:\/\/angelica.elversson.eu\/index.php?rest_route=\/wp\/v2\/users\/1"}],"replies":[{"embeddable":true,"href":"https:\/\/angelica.elversson.eu\/index.php?rest_route=%2Fwp%2Fv2%2Fcomments&post=343"}],"version-history":[{"count":1,"href":"https:\/\/angelica.elversson.eu\/index.php?rest_route=\/wp\/v2\/posts\/343\/revisions"}],"predecessor-version":[{"id":346,"href":"https:\/\/angelica.elversson.eu\/index.php?rest_route=\/wp\/v2\/posts\/343\/revisions\/346"}],"wp:attachment":[{"href":"https:\/\/angelica.elversson.eu\/index.php?rest_route=%2Fwp%2Fv2%2Fmedia&parent=343"}],"wp:term":[{"taxonomy":"category","embeddable":true,"href":"https:\/\/angelica.elversson.eu\/index.php?rest_route=%2Fwp%2Fv2%2Fcategories&post=343"},{"taxonomy":"post_tag","embeddable":true,"href":"https:\/\/angelica.elversson.eu\/index.php?rest_route=%2Fwp%2Fv2%2Ftags&post=343"}],"curies":[{"name":"wp","href":"https:\/\/api.w.org\/{rel}","templated":true}]}}