{"id":262,"date":"2026-05-09T19:21:47","date_gmt":"2026-05-09T18:21:47","guid":{"rendered":"https:\/\/angelica.elversson.eu\/?p=262"},"modified":"2026-05-09T19:21:47","modified_gmt":"2026-05-09T18:21:47","slug":"skrivkramp-och-pafylld-energi","status":"publish","type":"post","link":"https:\/\/angelica.elversson.eu\/?p=262","title":{"rendered":"Skrivkramp och p\u00e5fylld energi!"},"content":{"rendered":"\n<p class=\"has-text-align-center wp-block-paragraph\">Go kv\u00e4ll! <\/p>\n\n\n\n<p class=\"has-text-align-center wp-block-paragraph\">Har t\u00e4nkt i flera dagar att jag ska skriva, men s\u00e5 har jag f\u00e5tt s\u00e5 kallad skrivkramp och helt pl\u00f6tsligt inte vetat vad jag ska skriva&#8230; <\/p>\n\n\n\n<p class=\"has-text-align-center wp-block-paragraph\">Men denna veckan har jag varit s\u00e5 tr\u00f6tt.. I tisdags och onsdags var jag p\u00e5 syssels\u00e4ttningen. Gick riktigt bra k\u00e4nde jag. Kul n\u00e4r man f\u00e5r mycket gjort och k\u00e4nner att man varit till en hj\u00e4lp. Sen har jag haft v\u00e4ldigt ont i rygg, nacke och ev musarm.. S\u00e5 i onsdags valde jag att boka tid f\u00f6r massage p\u00e5 torsdagen. Det var s\u00e5 v\u00e4lbeh\u00f6vligt. <\/p>\n\n\n\n<p class=\"has-text-align-center wp-block-paragraph\">Jag sov som en kratta natten till fredag, knappt tv\u00e5 timmar.. Inte s\u00e5 kul n\u00e4r jag skulle till lilla syrran och tr\u00e4ffa henne och hennes familj, det var s\u00e5 l\u00e4ngesen. Men jag \u00e5kte dit och vi hade s\u00e5 trevligt, mysigt ocks\u00e5 tycker jag. <\/p>\n\n\n\n<p class=\"has-text-align-center wp-block-paragraph\">Sen h\u00e4ngde Haylie med mig hem. <\/p>\n\n\n\n<p class=\"has-text-align-center wp-block-paragraph\">Hon fick sitta och lyssna n\u00e4r jag hade bokcirkel tr\u00e4ff digitalt. <\/p>\n\n\n\n<p class=\"has-text-align-center wp-block-paragraph\">Det blev kina mat och s\u00e5 trevligt s\u00e4llskap. Jag \u00e4lskar verkligen att umg\u00e5s med mina syskonbarn. Det v\u00e4rmer s\u00e5 i hj\u00e4rtat.<\/p>\n\n\n\n<p class=\"has-text-align-center wp-block-paragraph\">Vi pratade med syrran\/hennes mamma via video och jag duttade p\u00e5 en tavla.  <\/p>\n\n\n\n<p class=\"has-text-align-center wp-block-paragraph\">Bara att f\u00e5 sitta l\u00e4nge och klia hennes rygg, medans vi satt och pratade innan hon skulle sova och sen f\u00e5 krama om henne n\u00e4r hon skulle sova. Mitt hj\u00e4rta fylls och energin kommer till mig. Sen att jag m\u00e5ste kolla s\u00e5 hon inte somnat med telefonen.. HAHA en ton\u00e5ring har alltid den ig\u00e5ng har jag m\u00e4rkt. <\/p>\n\n\n\n<p class=\"has-text-align-center wp-block-paragraph\">Idag blev det att l\u00e4mna av henne vid ers\u00e4ttningsbuss hem, vi hann med att g\u00e5 inom Normal innan hon skulle med den. <\/p>\n\n\n\n<p class=\"has-text-align-center wp-block-paragraph\">Sen har jag sovit, f\u00f6r jag \u00e4r s\u00e5 tr\u00f6tt. Jag vet inte helt varf\u00f6r.. Men sk\u00f6nt med helg! <\/p>\n\n\n\n<p class=\"has-text-align-center wp-block-paragraph\"><strong>Vad g\u00f6r ni denna helgen? <\/strong><\/p>\n\n\n\n<p class=\"wp-block-paragraph\"><\/p>\n","protected":false},"excerpt":{"rendered":"<p>Go kv\u00e4ll! Har t\u00e4nkt i flera dagar att jag ska skriva, men s\u00e5 har jag f\u00e5tt s\u00e5 kallad skrivkramp och helt pl\u00f6tsligt inte vetat vad jag ska skriva&#8230; Men denna veckan har jag varit s\u00e5 tr\u00f6tt.. I tisdags och onsdags var jag p\u00e5 syssels\u00e4ttningen. Gick riktigt bra k\u00e4nde jag. Kul n\u00e4r man f\u00e5r mycket gjort [&hellip;]<\/p>\n","protected":false},"author":1,"featured_media":0,"comment_status":"open","ping_status":"open","sticky":false,"template":"","format":"standard","meta":{"_jetpack_newsletter_access":"","_jetpack_dont_email_post_to_subs":false,"_jetpack_newsletter_tier_id":0,"_jetpack_memberships_contains_paywalled_content":false,"_jetpack_feature_clip_id":0,"_jetpack_memberships_contains_paid_content":false,"footnotes":"","jetpack_publicize_message":"","jetpack_publicize_feature_enabled":true,"jetpack_social_post_already_shared":false,"jetpack_social_options":{"image_generator_settings":{"template":"highway","default_image_id":0,"font":"","enabled":false},"version":2},"jetpack_post_was_ever_published":false},"categories":[10,4,14],"tags":[],"class_list":["post-262","post","type-post","status-publish","format-standard","hentry","category-bokcirkel","category-hobby","category-vardag"],"jetpack_publicize_connections":[],"jetpack_sharing_enabled":true,"jetpack_likes_enabled":true,"jetpack_featured_media_url":"","_links":{"self":[{"href":"https:\/\/angelica.elversson.eu\/index.php?rest_route=\/wp\/v2\/posts\/262","targetHints":{"allow":["GET"]}}],"collection":[{"href":"https:\/\/angelica.elversson.eu\/index.php?rest_route=\/wp\/v2\/posts"}],"about":[{"href":"https:\/\/angelica.elversson.eu\/index.php?rest_route=\/wp\/v2\/types\/post"}],"author":[{"embeddable":true,"href":"https:\/\/angelica.elversson.eu\/index.php?rest_route=\/wp\/v2\/users\/1"}],"replies":[{"embeddable":true,"href":"https:\/\/angelica.elversson.eu\/index.php?rest_route=%2Fwp%2Fv2%2Fcomments&post=262"}],"version-history":[{"count":1,"href":"https:\/\/angelica.elversson.eu\/index.php?rest_route=\/wp\/v2\/posts\/262\/revisions"}],"predecessor-version":[{"id":263,"href":"https:\/\/angelica.elversson.eu\/index.php?rest_route=\/wp\/v2\/posts\/262\/revisions\/263"}],"wp:attachment":[{"href":"https:\/\/angelica.elversson.eu\/index.php?rest_route=%2Fwp%2Fv2%2Fmedia&parent=262"}],"wp:term":[{"taxonomy":"category","embeddable":true,"href":"https:\/\/angelica.elversson.eu\/index.php?rest_route=%2Fwp%2Fv2%2Fcategories&post=262"},{"taxonomy":"post_tag","embeddable":true,"href":"https:\/\/angelica.elversson.eu\/index.php?rest_route=%2Fwp%2Fv2%2Ftags&post=262"}],"curies":[{"name":"wp","href":"https:\/\/api.w.org\/{rel}","templated":true}]}}