{"id":251,"date":"2026-04-30T19:53:44","date_gmt":"2026-04-30T18:53:44","guid":{"rendered":"https:\/\/angelica.elversson.eu\/?p=251"},"modified":"2026-04-30T19:53:44","modified_gmt":"2026-04-30T18:53:44","slug":"aprils-sista-dag-kommande-manad","status":"publish","type":"post","link":"https:\/\/angelica.elversson.eu\/?p=251","title":{"rendered":"Aprils sista dag &#8211; kommande m\u00e5nad"},"content":{"rendered":"\n<p class=\"has-text-align-center\">Det \u00e4r s\u00e5 sjukt, sista dagen i April.. Imorgon \u00e4r det Maj&#8230; <\/p>\n\n\n\n<p class=\"has-text-align-center\">Jag m\u00e5ste s\u00e4ga att jag \u00e4r stolt \u00f6ver mig sj\u00e4lv kring just April m\u00e5nad, jag har varit massor p\u00e5 syssels\u00e4ttningen, 10 hela g\u00e5nger. Jag har gjort mitt b\u00e4sta av det jag kunnat. <\/p>\n\n\n\n<p class=\"has-text-align-center\">Men det har \u00e4nd\u00e5 varit en ganska tuff m\u00e5nad, min v\u00e4n begravdes osv.. <\/p>\n\n\n\n<p class=\"has-text-align-center\">N\u00e4r jag t\u00e4nker p\u00e5 Maj m\u00e5nad som kommande m\u00e5nad s\u00e5 \u00e4r det b\u00e5de jobbigt och glatt. <\/p>\n\n\n\n<p class=\"has-text-align-center\">Det jobbiga \u00e4r att jag igen ska p\u00e5 begravning, min \u00e4ldsta morbror gick bort och ska begravas. <\/p>\n\n\n\n<p class=\"has-text-align-center\">Det glada \u00e4r att min \u00e4ldsta systerdotter tar studenten. Hon f\u00f6ddes ju bara f\u00f6r n\u00e5got \u00e5r sen k\u00e4nns det som?! Ska bli kul att se henne och hennes gl\u00e4dje att ha kommit s\u00e5 l\u00e5ngt i livet! \ud83d\ude42 <\/p>\n\n\n\n<p class=\"has-text-align-center\">K\u00e4nns inte som Valborg idag, men det \u00e4r ju det.. R\u00f6d dag imorgon, m\u00e5nga lediga men jag har valt att jag ska till syssels\u00e4ttningen \u00e4nd\u00e5. S\u00e5 man har sin rutin! <\/p>\n\n\n\n<p class=\"has-text-align-center\"><strong>Firar ni valborg? <\/strong><\/p>\n","protected":false},"excerpt":{"rendered":"<p>Det \u00e4r s\u00e5 sjukt, sista dagen i April.. Imorgon \u00e4r det Maj&#8230; Jag m\u00e5ste s\u00e4ga att jag \u00e4r stolt \u00f6ver mig sj\u00e4lv kring just April m\u00e5nad, jag har varit massor p\u00e5 syssels\u00e4ttningen, 10 hela g\u00e5nger. Jag har gjort mitt b\u00e4sta av det jag kunnat. Men det har \u00e4nd\u00e5 varit en ganska tuff m\u00e5nad, min v\u00e4n [&hellip;]<\/p>\n","protected":false},"author":1,"featured_media":0,"comment_status":"open","ping_status":"open","sticky":false,"template":"","format":"standard","meta":{"_jetpack_memberships_contains_paid_content":false,"footnotes":""},"categories":[14],"tags":[],"class_list":["post-251","post","type-post","status-publish","format-standard","hentry","category-vardag"],"jetpack_featured_media_url":"","jetpack_sharing_enabled":true,"jetpack_likes_enabled":true,"_links":{"self":[{"href":"https:\/\/angelica.elversson.eu\/index.php?rest_route=\/wp\/v2\/posts\/251","targetHints":{"allow":["GET"]}}],"collection":[{"href":"https:\/\/angelica.elversson.eu\/index.php?rest_route=\/wp\/v2\/posts"}],"about":[{"href":"https:\/\/angelica.elversson.eu\/index.php?rest_route=\/wp\/v2\/types\/post"}],"author":[{"embeddable":true,"href":"https:\/\/angelica.elversson.eu\/index.php?rest_route=\/wp\/v2\/users\/1"}],"replies":[{"embeddable":true,"href":"https:\/\/angelica.elversson.eu\/index.php?rest_route=%2Fwp%2Fv2%2Fcomments&post=251"}],"version-history":[{"count":1,"href":"https:\/\/angelica.elversson.eu\/index.php?rest_route=\/wp\/v2\/posts\/251\/revisions"}],"predecessor-version":[{"id":252,"href":"https:\/\/angelica.elversson.eu\/index.php?rest_route=\/wp\/v2\/posts\/251\/revisions\/252"}],"wp:attachment":[{"href":"https:\/\/angelica.elversson.eu\/index.php?rest_route=%2Fwp%2Fv2%2Fmedia&parent=251"}],"wp:term":[{"taxonomy":"category","embeddable":true,"href":"https:\/\/angelica.elversson.eu\/index.php?rest_route=%2Fwp%2Fv2%2Fcategories&post=251"},{"taxonomy":"post_tag","embeddable":true,"href":"https:\/\/angelica.elversson.eu\/index.php?rest_route=%2Fwp%2Fv2%2Ftags&post=251"}],"curies":[{"name":"wp","href":"https:\/\/api.w.org\/{rel}","templated":true}]}}