{"id":245,"date":"2026-04-25T23:23:35","date_gmt":"2026-04-25T22:23:35","guid":{"rendered":"https:\/\/angelica.elversson.eu\/?p=245"},"modified":"2026-04-25T23:32:53","modified_gmt":"2026-04-25T22:32:53","slug":"min-van-och-hennes-makes-diskussion-kring-alg-vandringen","status":"publish","type":"post","link":"https:\/\/angelica.elversson.eu\/?p=245","title":{"rendered":"Min v\u00e4n och hennes makes diskussion kring \u00e4lg vandringen."},"content":{"rendered":"\n<p class=\"has-text-align-center\">Hej s\u00f6ndag! (Dock skrev jag detta l\u00f6rdag kv\u00e4ll)<\/p>\n\n\n\n<p class=\"has-text-align-center\">Helgen har \u00e4n s\u00e5 l\u00e4nge varit helt okej. Jag har varit super tr\u00f6tt.. Men jag har haft det trevligt och roligt med mina v\u00e4nner online. <\/p>\n\n\n\n<p class=\"has-text-align-center\">I fredags umgicks vi digitalt, jag duttade och en annan virkade. Sen hade vi v\u00e5ran k\u00e4ra v\u00e4n med make som kollade p\u00e5 <strong>\u00e4lg vandringen<\/strong> och dem diskuterade om det var en \u00e4lg eller en sten. Ni skulle h\u00f6rt. Det var s\u00e5 roligt att h\u00f6ra deras diskussion. Vi hj\u00e4lpte ena v\u00e4nnen att p\u00e5b\u00f6rja att virka s\u00e5dant hon inte brukar virka. Hon utvecklas verkligen! <\/p>\n\n\n\n<p class=\"has-text-align-center\">L\u00f6rdagen blev sova ganska mycket, ha en live i min grupp &#8221;kampen mot psykisk oh\u00e4lsa r\u00e5d &amp; st\u00f6d&#8221;. Det var om regler osv, fick lite snack med n\u00e5gon osv. Det regnade ganska mycket, men det beh\u00f6vdes.<\/p>\n\n\n\n<p class=\"has-text-align-center\">Annars har jag bara spelat och kollat p\u00e5 youtube. <\/p>\n\n\n\n<p class=\"has-text-align-center\"><strong>Vad har ni gjort i helgen? <\/strong><\/p>\n","protected":false},"excerpt":{"rendered":"<p>Hej s\u00f6ndag! (Dock skrev jag detta l\u00f6rdag kv\u00e4ll) Helgen har \u00e4n s\u00e5 l\u00e4nge varit helt okej. Jag har varit super tr\u00f6tt.. Men jag har haft det trevligt och roligt med mina v\u00e4nner online. I fredags umgicks vi digitalt, jag duttade och en annan virkade. Sen hade vi v\u00e5ran k\u00e4ra v\u00e4n med make som kollade p\u00e5 [&hellip;]<\/p>\n","protected":false},"author":1,"featured_media":0,"comment_status":"open","ping_status":"open","sticky":false,"template":"","format":"standard","meta":{"_jetpack_memberships_contains_paid_content":false,"footnotes":""},"categories":[14],"tags":[],"class_list":["post-245","post","type-post","status-publish","format-standard","hentry","category-vardag"],"jetpack_featured_media_url":"","jetpack_sharing_enabled":true,"jetpack_likes_enabled":true,"_links":{"self":[{"href":"https:\/\/angelica.elversson.eu\/index.php?rest_route=\/wp\/v2\/posts\/245","targetHints":{"allow":["GET"]}}],"collection":[{"href":"https:\/\/angelica.elversson.eu\/index.php?rest_route=\/wp\/v2\/posts"}],"about":[{"href":"https:\/\/angelica.elversson.eu\/index.php?rest_route=\/wp\/v2\/types\/post"}],"author":[{"embeddable":true,"href":"https:\/\/angelica.elversson.eu\/index.php?rest_route=\/wp\/v2\/users\/1"}],"replies":[{"embeddable":true,"href":"https:\/\/angelica.elversson.eu\/index.php?rest_route=%2Fwp%2Fv2%2Fcomments&post=245"}],"version-history":[{"count":2,"href":"https:\/\/angelica.elversson.eu\/index.php?rest_route=\/wp\/v2\/posts\/245\/revisions"}],"predecessor-version":[{"id":247,"href":"https:\/\/angelica.elversson.eu\/index.php?rest_route=\/wp\/v2\/posts\/245\/revisions\/247"}],"wp:attachment":[{"href":"https:\/\/angelica.elversson.eu\/index.php?rest_route=%2Fwp%2Fv2%2Fmedia&parent=245"}],"wp:term":[{"taxonomy":"category","embeddable":true,"href":"https:\/\/angelica.elversson.eu\/index.php?rest_route=%2Fwp%2Fv2%2Fcategories&post=245"},{"taxonomy":"post_tag","embeddable":true,"href":"https:\/\/angelica.elversson.eu\/index.php?rest_route=%2Fwp%2Fv2%2Ftags&post=245"}],"curies":[{"name":"wp","href":"https:\/\/api.w.org\/{rel}","templated":true}]}}