{"id":214,"date":"2026-04-03T22:31:49","date_gmt":"2026-04-03T21:31:49","guid":{"rendered":"https:\/\/angelica.elversson.eu\/?p=214"},"modified":"2026-04-03T22:31:49","modified_gmt":"2026-04-03T21:31:49","slug":"fem-en-fredag-v-14-glad-pask","status":"publish","type":"post","link":"https:\/\/angelica.elversson.eu\/?p=214","title":{"rendered":"Fem en fredag v. 14: Glad p\u00e5sk!"},"content":{"rendered":"\n<p class=\"has-text-align-center wp-block-paragraph\">Jag deltar i\u00a0<a href=\"https:\/\/www.elisamatilda.se\/\">ElisaMatildas<\/a>\u00a0fem en fredag.<\/p>\n\n\n\n<p class=\"has-text-align-center wp-block-paragraph\"><strong>Vad vill du helst ha i ditt p\u00e5sk\u00e4gg?<\/strong><\/p>\n\n\n\n<p class=\"has-text-align-center wp-block-paragraph\">Jag vill helst ha lite choklad, blandat med lite surt.. \ud83d\ude00 <\/p>\n\n\n\n<p class=\"has-text-align-center wp-block-paragraph\"><strong>K\u00f6r du p\u00e5skpynt hemma?<\/strong><\/p>\n\n\n\n<p class=\"has-text-align-center wp-block-paragraph\">Ibland h\u00e4nder det, men inte detta \u00e5ret och om jag brukar s\u00e5 \u00e4r det inte mycket alls.. Tyv\u00e4rr.. <\/p>\n\n\n\n<p class=\"has-text-align-center wp-block-paragraph\"><strong>Vad f\u00f6rknippar du mest med p\u00e5sken?<\/strong><\/p>\n\n\n\n<p class=\"has-text-align-center wp-block-paragraph\">Godis, \u00e4gg, barn som knackar d\u00f6rr och fj\u00e4drar. <\/p>\n\n\n\n<p class=\"has-text-align-center wp-block-paragraph\"><strong>Har du vuxit upp med n\u00e5gon p\u00e5sktradition?<\/strong><\/p>\n\n\n\n<p class=\"has-text-align-center wp-block-paragraph\">M\u00e5la \u00e4gg, sminkas f\u00f6r att sen g\u00e5 ut som &#8221;p\u00e5skk\u00e4rring&#8221;.<\/p>\n\n\n\n<p class=\"has-text-align-center wp-block-paragraph\"><strong>Vad g\u00f6r du helst under p\u00e5skhelgen?<\/strong><\/p>\n\n\n\n<p class=\"has-text-align-center wp-block-paragraph\">Vilar, umg\u00e5s med n\u00e4ra och k\u00e4ra och \u00e4ter godis. <\/p>\n\n\n\n<p class=\"wp-block-paragraph\"><\/p>\n","protected":false},"excerpt":{"rendered":"<p>Jag deltar i\u00a0ElisaMatildas\u00a0fem en fredag. Vad vill du helst ha i ditt p\u00e5sk\u00e4gg? Jag vill helst ha lite choklad, blandat med lite surt.. \ud83d\ude00 K\u00f6r du p\u00e5skpynt hemma? Ibland h\u00e4nder det, men inte detta \u00e5ret och om jag brukar s\u00e5 \u00e4r det inte mycket alls.. Tyv\u00e4rr.. Vad f\u00f6rknippar du mest med p\u00e5sken? Godis, \u00e4gg, barn [&hellip;]<\/p>\n","protected":false},"author":1,"featured_media":0,"comment_status":"open","ping_status":"open","sticky":false,"template":"","format":"standard","meta":{"_jetpack_newsletter_access":"","_jetpack_dont_email_post_to_subs":false,"_jetpack_newsletter_tier_id":0,"_jetpack_memberships_contains_paywalled_content":false,"_jetpack_feature_clip_id":0,"_jetpack_memberships_contains_paid_content":false,"footnotes":"","jetpack_publicize_message":"","jetpack_publicize_feature_enabled":true,"jetpack_social_post_already_shared":false,"jetpack_social_options":{"image_generator_settings":{"template":"highway","default_image_id":0,"font":"","enabled":false},"version":2},"jetpack_post_was_ever_published":false},"categories":[8],"tags":[],"class_list":["post-214","post","type-post","status-publish","format-standard","hentry","category-fem-en-fredag"],"jetpack_publicize_connections":[],"jetpack_sharing_enabled":true,"jetpack_likes_enabled":true,"jetpack_featured_media_url":"","_links":{"self":[{"href":"https:\/\/angelica.elversson.eu\/index.php?rest_route=\/wp\/v2\/posts\/214","targetHints":{"allow":["GET"]}}],"collection":[{"href":"https:\/\/angelica.elversson.eu\/index.php?rest_route=\/wp\/v2\/posts"}],"about":[{"href":"https:\/\/angelica.elversson.eu\/index.php?rest_route=\/wp\/v2\/types\/post"}],"author":[{"embeddable":true,"href":"https:\/\/angelica.elversson.eu\/index.php?rest_route=\/wp\/v2\/users\/1"}],"replies":[{"embeddable":true,"href":"https:\/\/angelica.elversson.eu\/index.php?rest_route=%2Fwp%2Fv2%2Fcomments&post=214"}],"version-history":[{"count":1,"href":"https:\/\/angelica.elversson.eu\/index.php?rest_route=\/wp\/v2\/posts\/214\/revisions"}],"predecessor-version":[{"id":215,"href":"https:\/\/angelica.elversson.eu\/index.php?rest_route=\/wp\/v2\/posts\/214\/revisions\/215"}],"wp:attachment":[{"href":"https:\/\/angelica.elversson.eu\/index.php?rest_route=%2Fwp%2Fv2%2Fmedia&parent=214"}],"wp:term":[{"taxonomy":"category","embeddable":true,"href":"https:\/\/angelica.elversson.eu\/index.php?rest_route=%2Fwp%2Fv2%2Fcategories&post=214"},{"taxonomy":"post_tag","embeddable":true,"href":"https:\/\/angelica.elversson.eu\/index.php?rest_route=%2Fwp%2Fv2%2Ftags&post=214"}],"curies":[{"name":"wp","href":"https:\/\/api.w.org\/{rel}","templated":true}]}}