{"id":174,"date":"2026-03-08T23:58:18","date_gmt":"2026-03-08T22:58:18","guid":{"rendered":"https:\/\/angelica.elversson.eu\/?p=174"},"modified":"2026-03-08T23:58:18","modified_gmt":"2026-03-08T22:58:18","slug":"positiva-och-negativa-v-10","status":"publish","type":"post","link":"https:\/\/angelica.elversson.eu\/?p=174","title":{"rendered":"Positiva och negativa v.10"},"content":{"rendered":"\n<p class=\"has-text-align-center\">Ja, d\u00e5 var det sista tio minuterna p\u00e5 denna veckan nu.. Som vanligt skriver jag ganska sent, men k\u00e4nner ofta att d\u00e5 kommer hj\u00e4rnan och vill skriva av sig lite haha. <\/p>\n\n\n\n<p class=\"has-text-align-center\"><strong>Positiva: <\/strong><\/p>\n\n\n\n<p class=\"has-text-align-center\">Klarade av att vara gr\u00e4s\u00e4nka en natt!<\/p>\n\n\n\n<p class=\"has-text-align-center\">Var p\u00e5 tr\u00f6stem\u00f6ss tr\u00e4ff. <\/p>\n\n\n\n<p class=\"has-text-align-center\">Var och kollade p\u00e5 Minnesluckor med min k\u00e4ra make och finaste Emma!<\/p>\n\n\n\n<p class=\"has-text-align-center\">Bjuder p\u00e5 n\u00e5gra bilder:<\/p>\n\n\n\n<figure class=\"wp-block-image size-large\"><img loading=\"lazy\" decoding=\"async\" width=\"1024\" height=\"768\" src=\"\/wp-content\/uploads\/2026\/03\/min-1024x768.jpg\" alt=\"\" class=\"wp-image-175\" srcset=\"\/wp-content\/uploads\/2026\/03\/min-1024x768.jpg 1024w, \/wp-content\/uploads\/2026\/03\/min-300x225.jpg 300w, \/wp-content\/uploads\/2026\/03\/min-768x576.jpg 768w, \/wp-content\/uploads\/2026\/03\/min-1536x1152.jpg 1536w, \/wp-content\/uploads\/2026\/03\/min-2048x1536.jpg 2048w\" sizes=\"auto, (max-width: 1024px) 100vw, 1024px\" \/><\/figure>\n\n\n\n<figure class=\"wp-block-image size-large\"><img loading=\"lazy\" decoding=\"async\" width=\"1024\" height=\"768\" src=\"\/wp-content\/uploads\/2026\/03\/mine-1024x768.jpg\" alt=\"\" class=\"wp-image-176\" srcset=\"\/wp-content\/uploads\/2026\/03\/mine-1024x768.jpg 1024w, \/wp-content\/uploads\/2026\/03\/mine-300x225.jpg 300w, \/wp-content\/uploads\/2026\/03\/mine-768x576.jpg 768w, \/wp-content\/uploads\/2026\/03\/mine-1536x1152.jpg 1536w, \/wp-content\/uploads\/2026\/03\/mine-2048x1536.jpg 2048w\" sizes=\"auto, (max-width: 1024px) 100vw, 1024px\" \/><\/figure>\n\n\n\n<figure class=\"wp-block-image size-large\"><img loading=\"lazy\" decoding=\"async\" width=\"1024\" height=\"768\" src=\"\/wp-content\/uploads\/2026\/03\/minnes-1-1024x768.jpg\" alt=\"\" class=\"wp-image-179\" srcset=\"\/wp-content\/uploads\/2026\/03\/minnes-1-1024x768.jpg 1024w, \/wp-content\/uploads\/2026\/03\/minnes-1-300x225.jpg 300w, \/wp-content\/uploads\/2026\/03\/minnes-1-768x576.jpg 768w, \/wp-content\/uploads\/2026\/03\/minnes-1-1536x1152.jpg 1536w, \/wp-content\/uploads\/2026\/03\/minnes-1-2048x1536.jpg 2048w\" sizes=\"auto, (max-width: 1024px) 100vw, 1024px\" \/><\/figure>\n\n\n\n<p class=\"has-text-align-center\">S\u00e5 sjukt roligt! S\u00e5 glad att vi bokade biljetter f\u00f6rra \u00e5ret! <\/p>\n\n\n\n<p class=\"has-text-align-center\"><\/p>\n\n\n\n<p class=\"has-text-align-center\"><strong>Negativa: <\/strong><\/p>\n\n\n\n<p class=\"has-text-align-center\">Haft mycket \u00e5ngest. <\/p>\n\n\n\n<p class=\"has-text-align-center\">Inte orkat vara p\u00e5 syssels\u00e4ttningen.<\/p>\n\n\n\n<p class=\"has-text-align-center\">V\u00e4ldigt jobbig mensv\u00e4rk. <\/p>\n\n\n\n<p class=\"has-text-align-center\"><\/p>\n\n\n\n<p class=\"has-text-align-center\"><strong><em>Vilka \u00e4r dina 3 positiva och 3 negativa f\u00f6r denna veckan? Skriv ett inl\u00e4gg, eller l\u00e4mna en kommentar h\u00e4r. G\u00f6r du inl\u00e4gg s\u00e5 l\u00e4nka g\u00e4rna till mig och skriv h\u00e4r s\u00e5 jag kan in och l\u00e4sa era!<\/em><\/strong><\/p>\n\n\n\n<p><\/p>\n","protected":false},"excerpt":{"rendered":"<p>Ja, d\u00e5 var det sista tio minuterna p\u00e5 denna veckan nu.. Som vanligt skriver jag ganska sent, men k\u00e4nner ofta att d\u00e5 kommer hj\u00e4rnan och vill skriva av sig lite haha. Positiva: Klarade av att vara gr\u00e4s\u00e4nka en natt! Var p\u00e5 tr\u00f6stem\u00f6ss tr\u00e4ff. Var och kollade p\u00e5 Minnesluckor med min k\u00e4ra make och finaste Emma! [&hellip;]<\/p>\n","protected":false},"author":1,"featured_media":0,"comment_status":"open","ping_status":"open","sticky":false,"template":"","format":"standard","meta":{"_jetpack_memberships_contains_paid_content":false,"footnotes":""},"categories":[2,15],"tags":[],"class_list":["post-174","post","type-post","status-publish","format-standard","hentry","category-psykisk-ohalsa","category-veckans-positiva-och-negativa"],"jetpack_featured_media_url":"","jetpack_sharing_enabled":true,"jetpack_likes_enabled":true,"_links":{"self":[{"href":"https:\/\/angelica.elversson.eu\/index.php?rest_route=\/wp\/v2\/posts\/174","targetHints":{"allow":["GET"]}}],"collection":[{"href":"https:\/\/angelica.elversson.eu\/index.php?rest_route=\/wp\/v2\/posts"}],"about":[{"href":"https:\/\/angelica.elversson.eu\/index.php?rest_route=\/wp\/v2\/types\/post"}],"author":[{"embeddable":true,"href":"https:\/\/angelica.elversson.eu\/index.php?rest_route=\/wp\/v2\/users\/1"}],"replies":[{"embeddable":true,"href":"https:\/\/angelica.elversson.eu\/index.php?rest_route=%2Fwp%2Fv2%2Fcomments&post=174"}],"version-history":[{"count":1,"href":"https:\/\/angelica.elversson.eu\/index.php?rest_route=\/wp\/v2\/posts\/174\/revisions"}],"predecessor-version":[{"id":180,"href":"https:\/\/angelica.elversson.eu\/index.php?rest_route=\/wp\/v2\/posts\/174\/revisions\/180"}],"wp:attachment":[{"href":"https:\/\/angelica.elversson.eu\/index.php?rest_route=%2Fwp%2Fv2%2Fmedia&parent=174"}],"wp:term":[{"taxonomy":"category","embeddable":true,"href":"https:\/\/angelica.elversson.eu\/index.php?rest_route=%2Fwp%2Fv2%2Fcategories&post=174"},{"taxonomy":"post_tag","embeddable":true,"href":"https:\/\/angelica.elversson.eu\/index.php?rest_route=%2Fwp%2Fv2%2Ftags&post=174"}],"curies":[{"name":"wp","href":"https:\/\/api.w.org\/{rel}","templated":true}]}}