{"id":172,"date":"2026-03-06T16:32:25","date_gmt":"2026-03-06T15:32:25","guid":{"rendered":"https:\/\/angelica.elversson.eu\/?p=172"},"modified":"2026-03-06T16:32:25","modified_gmt":"2026-03-06T15:32:25","slug":"fem-en-fredag-v-10-mittemellan","status":"publish","type":"post","link":"https:\/\/angelica.elversson.eu\/?p=172","title":{"rendered":"Fem en fredag v. 10: Mittemellan"},"content":{"rendered":"\n<p class=\"has-text-align-center\">Jag deltar i\u00a0<a href=\"https:\/\/www.elisamatilda.se\/\">ElisaMatildas<\/a>\u00a0fem en fredag.<\/p>\n\n\n\n<p class=\"has-text-align-center\"><strong>Vad \u00e4r det f\u00f6rsta v\u00e5rtecknet du brukar l\u00e4gga m\u00e4rke till?<\/strong><\/p>\n\n\n\n<p class=\"has-text-align-center\">Att solen kommer, man ser att det b\u00f6rjar bli mer gr\u00f6nt. <\/p>\n\n\n\n<p class=\"has-text-align-center\"><strong>Vad l\u00e4ngtar du mest efter n\u00e4r vintern b\u00f6rjar sl\u00e4ppa?<\/strong><\/p>\n\n\n\n<p class=\"has-text-align-center\">Mer plusgrader, slippa sn\u00f6 och is. <\/p>\n\n\n\n<p class=\"has-text-align-center\"><strong>Vad g\u00f6r ett kallt bakslag lite l\u00e4ttare att acceptera?<\/strong><\/p>\n\n\n\n<p class=\"has-text-align-center\">Att detta kommer inte vara s\u00e5 l\u00e4nge, f\u00f6r det kommer v\u00e4nda \u00e5t det positiva h\u00e5llet igen! \ud83d\ude00 <\/p>\n\n\n\n<p class=\"has-text-align-center\"><strong>Vilken liten sak i vardagen f\u00f6r\u00e4ndras f\u00f6rst n\u00e4r s\u00e4songen v\u00e4nder?<\/strong><\/p>\n\n\n\n<p class=\"has-text-align-center\">Att det blir inte blir m\u00f6rkt s\u00e5 snabbt p\u00e5 kv\u00e4llen, jag gillar inte att vara ute n\u00e4r det \u00e4r f\u00f6r m\u00f6rkt. <\/p>\n\n\n\n<p class=\"has-text-align-center\"><strong>Vad m\u00e4rks mest p\u00e5 m\u00e4nniskor n\u00e4r ljuset kommer tillbaka?<\/strong><\/p>\n\n\n\n<p class=\"has-text-align-center\">Tycker m\u00e5nga verkar bli piggare. \ud83d\ude42 <\/p>\n\n\n\n<p><\/p>\n","protected":false},"excerpt":{"rendered":"<p>Jag deltar i\u00a0ElisaMatildas\u00a0fem en fredag. Vad \u00e4r det f\u00f6rsta v\u00e5rtecknet du brukar l\u00e4gga m\u00e4rke till? Att solen kommer, man ser att det b\u00f6rjar bli mer gr\u00f6nt. Vad l\u00e4ngtar du mest efter n\u00e4r vintern b\u00f6rjar sl\u00e4ppa? Mer plusgrader, slippa sn\u00f6 och is. Vad g\u00f6r ett kallt bakslag lite l\u00e4ttare att acceptera? Att detta kommer inte vara [&hellip;]<\/p>\n","protected":false},"author":1,"featured_media":0,"comment_status":"open","ping_status":"open","sticky":false,"template":"","format":"standard","meta":{"_jetpack_memberships_contains_paid_content":false,"footnotes":""},"categories":[8],"tags":[],"class_list":["post-172","post","type-post","status-publish","format-standard","hentry","category-fem-en-fredag"],"jetpack_featured_media_url":"","jetpack_sharing_enabled":true,"jetpack_likes_enabled":true,"_links":{"self":[{"href":"https:\/\/angelica.elversson.eu\/index.php?rest_route=\/wp\/v2\/posts\/172","targetHints":{"allow":["GET"]}}],"collection":[{"href":"https:\/\/angelica.elversson.eu\/index.php?rest_route=\/wp\/v2\/posts"}],"about":[{"href":"https:\/\/angelica.elversson.eu\/index.php?rest_route=\/wp\/v2\/types\/post"}],"author":[{"embeddable":true,"href":"https:\/\/angelica.elversson.eu\/index.php?rest_route=\/wp\/v2\/users\/1"}],"replies":[{"embeddable":true,"href":"https:\/\/angelica.elversson.eu\/index.php?rest_route=%2Fwp%2Fv2%2Fcomments&post=172"}],"version-history":[{"count":1,"href":"https:\/\/angelica.elversson.eu\/index.php?rest_route=\/wp\/v2\/posts\/172\/revisions"}],"predecessor-version":[{"id":173,"href":"https:\/\/angelica.elversson.eu\/index.php?rest_route=\/wp\/v2\/posts\/172\/revisions\/173"}],"wp:attachment":[{"href":"https:\/\/angelica.elversson.eu\/index.php?rest_route=%2Fwp%2Fv2%2Fmedia&parent=172"}],"wp:term":[{"taxonomy":"category","embeddable":true,"href":"https:\/\/angelica.elversson.eu\/index.php?rest_route=%2Fwp%2Fv2%2Fcategories&post=172"},{"taxonomy":"post_tag","embeddable":true,"href":"https:\/\/angelica.elversson.eu\/index.php?rest_route=%2Fwp%2Fv2%2Ftags&post=172"}],"curies":[{"name":"wp","href":"https:\/\/api.w.org\/{rel}","templated":true}]}}