{"id":166,"date":"2026-03-04T23:23:10","date_gmt":"2026-03-04T22:23:10","guid":{"rendered":"https:\/\/angelica.elversson.eu\/?p=166"},"modified":"2026-03-04T23:23:10","modified_gmt":"2026-03-04T22:23:10","slug":"grasanka-och-trostemoss","status":"publish","type":"post","link":"https:\/\/angelica.elversson.eu\/?p=166","title":{"rendered":"Gr\u00e4s\u00e4nka och tr\u00f6stem\u00f6ss!"},"content":{"rendered":"\n<p class=\"has-text-align-center wp-block-paragraph\">Hej fina l\u00e4sare! <\/p>\n\n\n\n<p class=\"has-text-align-center wp-block-paragraph\">Redan Onsdag.. Ja tiden springer som vanligt.. <\/p>\n\n\n\n<p class=\"has-text-align-center wp-block-paragraph\">Vad har h\u00e4nt sen sist? <\/p>\n\n\n\n<p class=\"has-text-align-center wp-block-paragraph\">Jag har bland annat varit <strong>gr\u00e4s\u00e4nka<\/strong> som man kallar det.. Maken har varit iv\u00e4g p\u00e5 m\u00f6ten osv i Stockholm. Han \u00e5kte i M\u00e5ndags och kom hem ig\u00e5r. <\/p>\n\n\n\n<p class=\"has-text-align-center wp-block-paragraph\">F\u00f6rsta g\u00e5ngen jag varit ensam hemma i huset, utan att ha n\u00e5gon som bes\u00f6k. S\u00e5 jag har sovit sj\u00e4lv. <\/p>\n\n\n\n<p class=\"has-text-align-center wp-block-paragraph\">\u00c4lskar att Zelda och Alice verkligen la sig i s\u00e4ngen hos mig. Okej, lite lockande fick jag g\u00f6ra&#8230; Men \u00e4nd\u00e5.. Zelda stannade kvar i s\u00e4ngen n\u00e4r jag sl\u00e4ckte lampan, Alice ville inte ligga i s\u00e4ngen.<\/p>\n\n\n\n<figure class=\"wp-block-image size-full\"><img loading=\"lazy\" decoding=\"async\" width=\"393\" height=\"225\" src=\"\/wp-content\/uploads\/2026\/03\/katt.jpg\" alt=\"\" class=\"wp-image-167\" srcset=\"\/wp-content\/uploads\/2026\/03\/katt.jpg 393w, \/wp-content\/uploads\/2026\/03\/katt-300x172.jpg 300w\" sizes=\"auto, (max-width: 393px) 100vw, 393px\" \/><\/figure>\n\n\n\n<p class=\"has-text-align-center wp-block-paragraph\">Zelda \u00e4r f\u00f6rsta katten och sen lilla Alice d\u00e4r nere vid. S\u00e5 s\u00f6ta! <\/p>\n\n\n\n<p class=\"has-text-align-center wp-block-paragraph\">Mina \u00e4lskade katter! &lt;3 <\/p>\n\n\n\n<p class=\"has-text-align-center wp-block-paragraph\">Det blev lite hoppande sen om han kanske beh\u00f6vde stanna \u00f6ver en natt till, men tur nog s\u00e5 blev det bara en, men jag vet att jag hade fixat en natt till, bara att man vill veta liksom. <\/p>\n\n\n\n<p class=\"has-text-align-center wp-block-paragraph\">Ig\u00e5r var det dags f\u00f6r <strong>Tr\u00f6stem\u00f6ss<\/strong> tr\u00e4ff igen, jag har ju missat tror det \u00e4r tv\u00e5 tr\u00e4ffar. Men nu kunde jag! Var lika roligt och trevligt som f\u00f6rsta g\u00e5ngen jag var d\u00e4r. Jag hoppas jag kommer kunna komma fler g\u00e5nger! T\u00e4nker att jag vill v\u00e5ga visa en jag l\u00e4mnade in ig\u00e5r! <\/p>\n\n\n\n<figure class=\"wp-block-image size-full\"><img loading=\"lazy\" decoding=\"async\" width=\"250\" height=\"218\" src=\"\/wp-content\/uploads\/2026\/03\/trostemoss.jpg\" alt=\"\" class=\"wp-image-168\"\/><\/figure>\n\n\n\n<p class=\"has-text-align-center wp-block-paragraph\">En sak som jag fick ta beslut om ig\u00e5r (l\u00e5ter allvarligt, men det \u00e4r det inte) var att eftersom jag g\u00e5tt ner i vikt, s\u00e5 gick det inte l\u00e4ngre att ha <strong>vigselringen<\/strong>. S\u00e5 den fick tas av ig\u00e5r. Vi m\u00e5ste minska den. Men k\u00e4nslom\u00e4ssigt \u00e4r det super jobbigt.. Men det visar p\u00e5 att det g\u00e5r \u00e5t r\u00e4tt h\u00e5ll iaf! <\/p>\n\n\n\n<p class=\"has-text-align-center wp-block-paragraph\">Skulle jobbat\/varit p\u00e5 syssels\u00e4ttning (l\u00e4ttare att skriva jobbat) idag, men vaknade super tr\u00f6tt och huvudv\u00e4rk. S\u00e5 jag orkade verkligen inte, s\u00e5 jag har sovit l\u00e4nge och sen pysslat med min diamond painting. \u00c4ntligen b\u00f6rjar den sl\u00e4ppa lite, men den ligger lite i bakgrunden. Hatar huvudv\u00e4rk.. <\/p>\n\n\n\n<p class=\"has-text-align-center wp-block-paragraph\"><strong>Hur m\u00e5r ni ikv\u00e4ll?<\/strong> <\/p>\n","protected":false},"excerpt":{"rendered":"<p>Hej fina l\u00e4sare! Redan Onsdag.. Ja tiden springer som vanligt.. Vad har h\u00e4nt sen sist? Jag har bland annat varit gr\u00e4s\u00e4nka som man kallar det.. Maken har varit iv\u00e4g p\u00e5 m\u00f6ten osv i Stockholm. Han \u00e5kte i M\u00e5ndags och kom hem ig\u00e5r. F\u00f6rsta g\u00e5ngen jag varit ensam hemma i huset, utan att ha n\u00e5gon som [&hellip;]<\/p>\n","protected":false},"author":1,"featured_media":0,"comment_status":"open","ping_status":"open","sticky":false,"template":"","format":"standard","meta":{"_jetpack_newsletter_access":"","_jetpack_dont_email_post_to_subs":false,"_jetpack_newsletter_tier_id":0,"_jetpack_memberships_contains_paywalled_content":false,"_jetpack_feature_clip_id":0,"_jetpack_memberships_contains_paid_content":false,"footnotes":"","jetpack_publicize_message":"","jetpack_publicize_feature_enabled":true,"jetpack_social_post_already_shared":false,"jetpack_social_options":{"image_generator_settings":{"template":"highway","default_image_id":0,"font":"","enabled":false},"version":2},"jetpack_post_was_ever_published":false},"categories":[5],"tags":[],"class_list":["post-166","post","type-post","status-publish","format-standard","hentry","category-virkning"],"jetpack_publicize_connections":[],"jetpack_sharing_enabled":true,"jetpack_likes_enabled":true,"jetpack_featured_media_url":"","_links":{"self":[{"href":"https:\/\/angelica.elversson.eu\/index.php?rest_route=\/wp\/v2\/posts\/166","targetHints":{"allow":["GET"]}}],"collection":[{"href":"https:\/\/angelica.elversson.eu\/index.php?rest_route=\/wp\/v2\/posts"}],"about":[{"href":"https:\/\/angelica.elversson.eu\/index.php?rest_route=\/wp\/v2\/types\/post"}],"author":[{"embeddable":true,"href":"https:\/\/angelica.elversson.eu\/index.php?rest_route=\/wp\/v2\/users\/1"}],"replies":[{"embeddable":true,"href":"https:\/\/angelica.elversson.eu\/index.php?rest_route=%2Fwp%2Fv2%2Fcomments&post=166"}],"version-history":[{"count":1,"href":"https:\/\/angelica.elversson.eu\/index.php?rest_route=\/wp\/v2\/posts\/166\/revisions"}],"predecessor-version":[{"id":169,"href":"https:\/\/angelica.elversson.eu\/index.php?rest_route=\/wp\/v2\/posts\/166\/revisions\/169"}],"wp:attachment":[{"href":"https:\/\/angelica.elversson.eu\/index.php?rest_route=%2Fwp%2Fv2%2Fmedia&parent=166"}],"wp:term":[{"taxonomy":"category","embeddable":true,"href":"https:\/\/angelica.elversson.eu\/index.php?rest_route=%2Fwp%2Fv2%2Fcategories&post=166"},{"taxonomy":"post_tag","embeddable":true,"href":"https:\/\/angelica.elversson.eu\/index.php?rest_route=%2Fwp%2Fv2%2Ftags&post=166"}],"curies":[{"name":"wp","href":"https:\/\/api.w.org\/{rel}","templated":true}]}}